{"id":1626,"date":"2022-04-28T16:45:00","date_gmt":"2022-04-28T15:45:00","guid":{"rendered":"https:\/\/juventudvallekas.com\/?p=1626"},"modified":"2023-09-06T08:52:47","modified_gmt":"2023-09-06T07:52:47","slug":"torneo-benjamin","status":"publish","type":"post","link":"https:\/\/juventudvallekas.com\/index.php\/2022\/04\/28\/torneo-benjamin\/","title":{"rendered":"III TORNEO DE FIESTAS DEL DISTRITO VILLA DE VALLECAS 2023"},"content":{"rendered":"\n\n[et_pb_section fb_built=&#8221;1&#8243; _builder_version=&#8221;4.7.7&#8243; _module_preset=&#8221;default&#8221; custom_padding=&#8221;4px||0px|||&#8221; global_colors_info=&#8221;{}&#8221;][et_pb_row _builder_version=&#8221;4.14.2&#8243; _module_preset=&#8221;default&#8221; global_colors_info=&#8221;{}&#8221;][et_pb_column type=&#8221;4_4&#8243; _builder_version=&#8221;4.14.2&#8243; _module_preset=&#8221;default&#8221; global_colors_info=&#8221;{}&#8221;][et_pb_text _builder_version=&#8221;4.14.2&#8243; _module_preset=&#8221;default&#8221; global_colors_info=&#8221;{}&#8221;]<h1 style=\"text-align: center;\">III TORNEO DE F\u00daTBOL SALA BENJAM\u00cdN DE CAMPEONES DE DISTRITO 2022<\/h1>[\/et_pb_text][et_pb_text _builder_version=&#8221;4.14.2&#8243; _module_preset=&#8221;default&#8221; global_colors_info=&#8221;{}&#8221;]<h4 style=\"text-align: center;\"><strong>EN EL CDM JUAN DE DIOS ROM\u00c1M C\/JOS\u00c9 GUTI\u00c9RREZ MAROTO 34<\/strong><\/h4>[\/et_pb_text][\/et_pb_column][\/et_pb_row][et_pb_row column_structure=&#8221;1_2,1_2&#8243; _builder_version=&#8221;4.14.2&#8243; _module_preset=&#8221;default&#8221; global_colors_info=&#8221;{}&#8221;][et_pb_column type=&#8221;1_2&#8243; _builder_version=&#8221;4.7.7&#8243; _module_preset=&#8221;default&#8221; global_colors_info=&#8221;{}&#8221;][et_pb_text _builder_version=&#8221;4.14.2&#8243; _module_preset=&#8221;default&#8221; text_font=&#8221;Alata||||||||&#8221; text_font_size=&#8221;16px&#8221; custom_padding=&#8221;0px|||||&#8221; global_colors_info=&#8221;{}&#8221;]<p style=\"text-align: center;\"><strong>GRUPO A<\/strong><\/p>\n<p style=\"text-align: center;\"><strong><\/strong><\/p>\n<ol>\n<li style=\"text-align: center;\"><strong>VILLA DE VALLECAS<\/strong> &#8211; JUVENTUD VALLEKAS<\/li>\n<li style=\"text-align: center;\"><strong>MORATALAZ <\/strong>&#8211; CARMEN LAFORET<\/li>\n<li style=\"text-align: center;\"><strong>RETIRO<\/strong> -FUHEM MONTSERRAT<\/li>\n<li style=\"text-align: center;\"><strong>ARGANZUELA <\/strong>&#8211; ARGANZUELA FUTSAL<\/li>\n<\/ol>[\/et_pb_text][\/et_pb_column][et_pb_column type=&#8221;1_2&#8243; _builder_version=&#8221;4.14.2&#8243; _module_preset=&#8221;default&#8221; global_colors_info=&#8221;{}&#8221;][et_pb_text _builder_version=&#8221;4.14.2&#8243; _module_preset=&#8221;default&#8221; text_font=&#8221;Alata||||||||&#8221; text_font_size=&#8221;16px&#8221; custom_padding=&#8221;0px|||||&#8221; global_colors_info=&#8221;{}&#8221;]<p style=\"text-align: center;\"><strong>GRUPO B<\/strong><\/p>\n<p style=\"text-align: center;\"><strong><\/strong><\/p>\n<ol>\n<li style=\"text-align: center;\"><strong>SAN BLAS<\/strong> &#8211; MARIANO JOSE LARRA<\/li>\n<li style=\"text-align: center;\"><strong>CIUDAD LINEAL <\/strong>&#8211; SAN BENITO JUNIORS<\/li>\n<li style=\"text-align: center;\"><strong>BARAJAS<\/strong> &#8211; GOYA TEAM HISPANIDAD<\/li>\n<li style=\"text-align: center;\"><strong>FUENCARRAL <\/strong>&#8211; SANTA M\u00aa LA BLANCA<\/li>\n<\/ol>[\/et_pb_text][\/et_pb_column][\/et_pb_row][et_pb_row _builder_version=&#8221;4.14.2&#8243; _module_preset=&#8221;default&#8221; global_colors_info=&#8221;{}&#8221;][et_pb_column type=&#8221;4_4&#8243; _builder_version=&#8221;4.14.2&#8243; _module_preset=&#8221;default&#8221; global_colors_info=&#8221;{}&#8221;][et_pb_text _builder_version=&#8221;4.14.2&#8243; _module_preset=&#8221;default&#8221; global_colors_info=&#8221;{}&#8221;]<p style=\"text-align: center;\"><strong>S\u00e1bado 21 de mayo de 2022. Pista 2. Jornada de Ma\u00f1ana<\/strong><\/p>[\/et_pb_text][\/et_pb_column][\/et_pb_row][et_pb_row column_structure=&#8221;1_2,1_2&#8243; _builder_version=&#8221;4.14.2&#8243; _module_preset=&#8221;default&#8221; custom_padding=&#8221;||0px|||&#8221; global_colors_info=&#8221;{}&#8221;][et_pb_column type=&#8221;1_2&#8243; _builder_version=&#8221;4.14.2&#8243; _module_preset=&#8221;default&#8221; global_colors_info=&#8221;{}&#8221;][et_pb_text _builder_version=&#8221;4.14.2&#8243; _module_preset=&#8221;default&#8221; text_font=&#8221;Alata||||||||&#8221; text_font_size=&#8221;16px&#8221; custom_padding=&#8221;0px|||||&#8221; global_colors_info=&#8221;{}&#8221;]<p style=\"text-align: center;\"><strong>JORNADA 1 &#8211; GRUPO A<\/strong><\/p>\n<table border=\"1\" style=\"border-collapse: collapse; width: 100%; height: 120px;\">\n<tbody>\n<tr style=\"height: 96px;\">\n<td style=\"width: 10%; height: 96px;\"><\/td>\n<td style=\"width: 10%; height: 96px;\"><\/td>\n<td style=\"width: 36.6917%; height: 96px; text-align: center;\">10:00<\/td>\n<td style=\"width: 3.30825%; height: 96px;\">\n<p style=\"text-align: center;\">JUVENTUD<\/p>\n<p style=\"text-align: center;\">VALLEKAS<\/p>\n<\/td>\n<td style=\"width: 20%; height: 96px;\">\n<p style=\"text-align: center;\">CARMEN<\/p>\n<p style=\"text-align: center;\">LAFORET<\/p>\n<\/td>\n<\/tr>\n<tr style=\"height: 24px;\">\n<td style=\"width: 10%; height: 24px;\"><\/td>\n<td style=\"width: 10%; height: 24px;\"><\/td>\n<td style=\"width: 36.6917%; height: 24px; text-align: center;\">13:00<\/td>\n<td style=\"width: 3.30825%; height: 24px;\">\n<p style=\"text-align: center;\">FUHEM<\/p>\n<p style=\"text-align: center;\">MONTSERRAT<\/p>\n<\/td>\n<td style=\"width: 20%; height: 24px;\">\n<p style=\"text-align: center;\">ARGANZUELA<\/p>\n<p style=\"text-align: center;\">FUTSAL<\/p>\n<\/td>\n<\/tr>\n<\/tbody>\n<\/table>\n<p>&nbsp;<\/p>[\/et_pb_text][\/et_pb_column][et_pb_column type=&#8221;1_2&#8243; _builder_version=&#8221;4.14.2&#8243; _module_preset=&#8221;default&#8221; global_colors_info=&#8221;{}&#8221;][et_pb_text _builder_version=&#8221;4.14.2&#8243; _module_preset=&#8221;default&#8221; text_font=&#8221;Alata||||||||&#8221; text_font_size=&#8221;16px&#8221; custom_padding=&#8221;0px|||||&#8221; global_colors_info=&#8221;{}&#8221;]<p style=\"text-align: center;\"><strong>JORNADA 1 &#8211; GRUPO B<\/strong><\/p>\n<table border=\"1\" style=\"border-collapse: collapse; width: 100%; height: 120px;\">\n<tbody>\n<tr style=\"height: 96px;\">\n<td style=\"width: 10%; height: 96px;\"><\/td>\n<td style=\"width: 10%; height: 96px;\"><\/td>\n<td style=\"width: 36.6917%; height: 96px; text-align: center;\">11:00<\/td>\n<td style=\"width: 1.50376%; height: 96px;\">\n<p style=\"text-align: center;\">MARIANO JOSE LARRA<\/p>\n<\/td>\n<td style=\"width: 21.8045%; height: 96px;\">\n<p style=\"text-align: center;\">SAN BENITO JUNIORS<\/p>\n<\/td>\n<\/tr>\n<tr style=\"height: 24px;\">\n<td style=\"width: 10%; height: 24px;\"><\/td>\n<td style=\"width: 10%; height: 24px;\"><\/td>\n<td style=\"width: 36.6917%; height: 24px; text-align: center;\">12:00<\/td>\n<td style=\"width: 1.50376%; height: 24px;\">\n<p style=\"text-align: center;\">GOYA TEAM HISPANIDAD<\/p>\n<\/td>\n<td style=\"width: 21.8045%; height: 24px;\">\n<p style=\"text-align: center;\">SANTA M\u00aa LA BLANCA<\/p>\n<\/td>\n<\/tr>\n<\/tbody>\n<\/table>\n<p>&nbsp;<\/p>[\/et_pb_text][\/et_pb_column][\/et_pb_row][et_pb_row _builder_version=&#8221;4.14.2&#8243; _module_preset=&#8221;default&#8221; global_colors_info=&#8221;{}&#8221;][et_pb_column type=&#8221;4_4&#8243; _builder_version=&#8221;4.14.2&#8243; _module_preset=&#8221;default&#8221; global_colors_info=&#8221;{}&#8221;][et_pb_text _builder_version=&#8221;4.14.2&#8243; _module_preset=&#8221;default&#8221; global_colors_info=&#8221;{}&#8221;]<p style=\"text-align: center;\"><strong>S\u00e1bado 21 de mayo de 2022. Pista 2. Jornada de Tarde<\/strong><\/p>[\/et_pb_text][\/et_pb_column][\/et_pb_row][et_pb_row column_structure=&#8221;1_2,1_2&#8243; _builder_version=&#8221;4.14.2&#8243; _module_preset=&#8221;default&#8221; global_colors_info=&#8221;{}&#8221;][et_pb_column type=&#8221;1_2&#8243; _builder_version=&#8221;4.14.2&#8243; _module_preset=&#8221;default&#8221; global_colors_info=&#8221;{}&#8221;][et_pb_text _builder_version=&#8221;4.14.2&#8243; _module_preset=&#8221;default&#8221; text_font=&#8221;Alata||||||||&#8221; text_font_size=&#8221;16px&#8221; custom_padding=&#8221;0px|||||&#8221; global_colors_info=&#8221;{}&#8221;]<p style=\"text-align: center;\"><strong>JORNADA 2 &#8211; GRUPO A<\/strong><\/p>\n<table border=\"1\" style=\"border-collapse: collapse; width: 100%; height: 120px;\">\n<tbody>\n<tr style=\"height: 96px;\">\n<td style=\"width: 10%; height: 96px;\"><\/td>\n<td style=\"width: 10%; height: 96px;\"><\/td>\n<td style=\"width: 36.6917%; height: 96px; text-align: center;\">16:00<\/td>\n<td style=\"width: 3.30825%; height: 96px;\">\n<p style=\"text-align: center;\">CARMEN<\/p>\n<p style=\"text-align: center;\">LAFORET<\/p>\n<\/td>\n<td style=\"width: 20%; height: 96px;\">\n<p style=\"text-align: center;\">FUHEM<\/p>\n<p style=\"text-align: center;\">MONTSERRAT<\/p>\n<\/td>\n<\/tr>\n<tr style=\"height: 24px;\">\n<td style=\"width: 10%; height: 24px;\"><\/td>\n<td style=\"width: 10%; height: 24px;\"><\/td>\n<td style=\"width: 36.6917%; height: 24px; text-align: center;\">17:00<\/td>\n<td style=\"width: 3.30825%; height: 24px;\">\n<p style=\"text-align: center;\">ARGANZUELA<\/p>\n<p style=\"text-align: center;\">FUTSAL<\/p>\n<\/td>\n<td style=\"width: 20%; height: 24px;\">\n<p style=\"text-align: center;\">JUVENTUD<\/p>\n<p style=\"text-align: center;\">VALLEKAS<\/p>\n<\/td>\n<\/tr>\n<\/tbody>\n<\/table>\n<p>&nbsp;<\/p>[\/et_pb_text][\/et_pb_column][et_pb_column type=&#8221;1_2&#8243; _builder_version=&#8221;4.14.2&#8243; _module_preset=&#8221;default&#8221; global_colors_info=&#8221;{}&#8221;][et_pb_text _builder_version=&#8221;4.14.2&#8243; _module_preset=&#8221;default&#8221; text_font=&#8221;Alata||||||||&#8221; text_font_size=&#8221;16px&#8221; custom_padding=&#8221;0px|||||&#8221; global_colors_info=&#8221;{}&#8221;]<p style=\"text-align: center;\"><strong>JORNADA 1 &#8211; GRUPO B<\/strong><\/p>\n<table border=\"1\" style=\"border-collapse: collapse; width: 100%; height: 120px;\">\n<tbody>\n<tr style=\"height: 96px;\">\n<td style=\"width: 10%; height: 96px;\"><\/td>\n<td style=\"width: 10%; height: 96px;\"><\/td>\n<td style=\"width: 36.6917%; height: 96px; text-align: center;\">18:00<\/td>\n<td style=\"width: 1.50376%; height: 96px;\">\n<p style=\"text-align: center;\">SAN BENITO JUNIORS<\/p>\n<\/td>\n<td style=\"width: 21.8045%; height: 96px;\">\n<p style=\"text-align: center;\">GOYA TEAM HISPANIDAD<\/p>\n<\/td>\n<\/tr>\n<tr style=\"height: 24px;\">\n<td style=\"width: 10%; height: 24px;\"><\/td>\n<td style=\"width: 10%; height: 24px;\"><\/td>\n<td style=\"width: 36.6917%; height: 24px; text-align: center;\">19:00<\/td>\n<td style=\"width: 1.50376%; height: 24px;\">\n<p style=\"text-align: center;\">SANTA M\u00aa LA BLANCA<\/p>\n<\/td>\n<td style=\"width: 21.8045%; height: 24px;\">\n<p style=\"text-align: center;\">\u00a0MARIANO JOSE LARRA<\/p>\n<\/td>\n<\/tr>\n<\/tbody>\n<\/table>\n<p>&nbsp;<\/p>[\/et_pb_text][\/et_pb_column][\/et_pb_row][et_pb_row _builder_version=&#8221;4.14.2&#8243; _module_preset=&#8221;default&#8221; global_colors_info=&#8221;{}&#8221;][et_pb_column type=&#8221;4_4&#8243; _builder_version=&#8221;4.14.2&#8243; _module_preset=&#8221;default&#8221; global_colors_info=&#8221;{}&#8221;][et_pb_text _builder_version=&#8221;4.14.2&#8243; _module_preset=&#8221;default&#8221; global_colors_info=&#8221;{}&#8221;]<p style=\"text-align: center;\"><strong>Domingo 22 de mayo de 2022. Pista 2. Jornada de Ma\u00f1ana<\/strong><\/p>[\/et_pb_text][\/et_pb_column][\/et_pb_row][et_pb_row column_structure=&#8221;1_2,1_2&#8243; _builder_version=&#8221;4.14.2&#8243; _module_preset=&#8221;default&#8221; global_colors_info=&#8221;{}&#8221;][et_pb_column type=&#8221;1_2&#8243; _builder_version=&#8221;4.14.2&#8243; _module_preset=&#8221;default&#8221; global_colors_info=&#8221;{}&#8221;][et_pb_text _builder_version=&#8221;4.14.2&#8243; _module_preset=&#8221;default&#8221; text_font=&#8221;Alata||||||||&#8221; text_font_size=&#8221;16px&#8221; custom_padding=&#8221;0px|||||&#8221; global_colors_info=&#8221;{}&#8221;]<p style=\"text-align: center;\"><strong>JORNADA 2 &#8211; GRUPO A<\/strong><\/p>\n<table border=\"1\" style=\"border-collapse: collapse; width: 100%; height: 120px;\">\n<tbody>\n<tr style=\"height: 96px;\">\n<td style=\"width: 10%; height: 96px;\"><\/td>\n<td style=\"width: 10%; height: 96px;\"><\/td>\n<td style=\"width: 49.1729%; height: 96px; text-align: center;\">12:00<\/td>\n<td style=\"width: 1.50376%; height: 96px;\">\n<p style=\"text-align: center;\">ARGANZUELA<\/p>\n<p style=\"text-align: center;\">FUTSAL<\/p>\n<\/td>\n<td style=\"width: 20%; height: 96px;\">\n<p style=\"text-align: center;\">CARMEN<\/p>\n<p style=\"text-align: center;\">LAFORET<\/p>\n<\/td>\n<\/tr>\n<tr style=\"height: 24px;\">\n<td style=\"width: 10%; height: 24px;\"><\/td>\n<td style=\"width: 10%; height: 24px;\"><\/td>\n<td style=\"width: 49.1729%; height: 24px; text-align: center;\">13:00<\/td>\n<td style=\"width: 1.50376%; height: 24px;\">\n<p style=\"text-align: center;\">FUHEM<\/p>\n<p style=\"text-align: center;\">MONTSERRAT<\/p>\n<\/td>\n<td style=\"width: 20%; height: 24px;\">\n<p style=\"text-align: center;\">JUVENTUD<\/p>\n<p style=\"text-align: center;\">VALLEKAS<\/p>\n<\/td>\n<\/tr>\n<\/tbody>\n<\/table>\n<p>&nbsp;<\/p>[\/et_pb_text][\/et_pb_column][et_pb_column type=&#8221;1_2&#8243; _builder_version=&#8221;4.14.2&#8243; _module_preset=&#8221;default&#8221; global_colors_info=&#8221;{}&#8221;][et_pb_text _builder_version=&#8221;4.14.2&#8243; _module_preset=&#8221;default&#8221; text_font=&#8221;Alata||||||||&#8221; text_font_size=&#8221;16px&#8221; custom_padding=&#8221;0px|||||&#8221; global_colors_info=&#8221;{}&#8221;]<p style=\"text-align: center;\"><strong>JORNADA 1 &#8211; GRUPO B<\/strong><\/p>\n<table border=\"1\" style=\"border-collapse: collapse; width: 100%; height: 120px;\">\n<tbody>\n<tr style=\"height: 96px;\">\n<td style=\"width: 10%; height: 96px;\"><\/td>\n<td style=\"width: 10%; height: 96px;\"><\/td>\n<td style=\"width: 36.6917%; height: 96px; text-align: center;\">10:00<\/td>\n<td style=\"width: 1.50376%; height: 96px;\">\n<p style=\"text-align: center;\">SANTA M\u00aa LA BLANCA<\/p>\n<\/td>\n<td style=\"width: 21.8045%; height: 96px;\">\n<p style=\"text-align: center;\">SAN BENITO JUNIORS<\/p>\n<\/td>\n<\/tr>\n<tr style=\"height: 24px;\">\n<td style=\"width: 10%; height: 24px;\"><\/td>\n<td style=\"width: 10%; height: 24px;\"><\/td>\n<td style=\"width: 36.6917%; height: 24px; text-align: center;\">11:00<\/td>\n<td style=\"width: 1.50376%; height: 24px;\">\n<p style=\"text-align: center;\">GOYA TEAM HISPANIDAD<\/p>\n<\/td>\n<td style=\"width: 21.8045%; height: 24px;\">\n<p style=\"text-align: center;\">\u00a0MARIANO JOSE LARRA<\/p>\n<\/td>\n<\/tr>\n<\/tbody>\n<\/table>\n<p>&nbsp;<\/p>[\/et_pb_text][\/et_pb_column][\/et_pb_row][et_pb_row _builder_version=&#8221;4.14.2&#8243; _module_preset=&#8221;default&#8221; global_colors_info=&#8221;{}&#8221;][et_pb_column type=&#8221;4_4&#8243; _builder_version=&#8221;4.14.2&#8243; _module_preset=&#8221;default&#8221; global_colors_info=&#8221;{}&#8221;][et_pb_text _builder_version=&#8221;4.14.2&#8243; _module_preset=&#8221;default&#8221; global_colors_info=&#8221;{}&#8221;]<p style=\"text-align: center;\"><strong>Domingo 22 de mayo de 2022. Pista 2. Jornada de Tarde<\/strong><\/p>[\/et_pb_text][\/et_pb_column][\/et_pb_row][et_pb_row column_structure=&#8221;1_3,1_3,1_3&#8243; _builder_version=&#8221;4.14.2&#8243; _module_preset=&#8221;default&#8221; global_colors_info=&#8221;{}&#8221;][et_pb_column type=&#8221;1_3&#8243; _builder_version=&#8221;4.7.7&#8243; _module_preset=&#8221;default&#8221; global_colors_info=&#8221;{}&#8221;][et_pb_text _builder_version=&#8221;4.14.2&#8243; _module_preset=&#8221;default&#8221; text_font=&#8221;Alata||||||||&#8221; text_text_color=&#8221;#000000&#8243; text_font_size=&#8221;16px&#8221; custom_padding=&#8221;0px|||||&#8221; global_colors_info=&#8221;{}&#8221;]<p style=\"text-align: center;\"><strong>CAMPE\u00d3N GRUPO A<\/strong><strong><\/strong><\/p>[\/et_pb_text][\/et_pb_column][et_pb_column type=&#8221;1_3&#8243; _builder_version=&#8221;4.14.2&#8243; _module_preset=&#8221;default&#8221; global_colors_info=&#8221;{}&#8221;][et_pb_text _builder_version=&#8221;4.14.2&#8243; _module_preset=&#8221;default&#8221; text_font=&#8221;Alata||||||||&#8221; text_text_color=&#8221;#E02B20&#8243; text_font_size=&#8221;16px&#8221; custom_padding=&#8221;0px|||||&#8221; global_colors_info=&#8221;{}&#8221;]<p style=\"text-align: center;\"><strong>FINAL 17:00<\/strong><strong><\/strong><\/p>[\/et_pb_text][\/et_pb_column][et_pb_column type=&#8221;1_3&#8243; _builder_version=&#8221;4.14.2&#8243; _module_preset=&#8221;default&#8221; global_colors_info=&#8221;{}&#8221;][et_pb_text _builder_version=&#8221;4.14.2&#8243; _module_preset=&#8221;default&#8221; text_font=&#8221;Alata||||||||&#8221; text_text_color=&#8221;#000000&#8243; text_font_size=&#8221;16px&#8221; custom_padding=&#8221;0px|||||&#8221; global_colors_info=&#8221;{}&#8221;]<p style=\"text-align: center;\"><strong>CAMPE\u00d3N GRUPO B<\/strong><strong><\/strong><\/p>[\/et_pb_text][\/et_pb_column][\/et_pb_row][et_pb_row _builder_version=&#8221;4.7.7&#8243; _module_preset=&#8221;default&#8221; global_colors_info=&#8221;{}&#8221;][et_pb_column type=&#8221;4_4&#8243; _builder_version=&#8221;4.7.7&#8243; _module_preset=&#8221;default&#8221; global_colors_info=&#8221;{}&#8221;][et_pb_text _builder_version=&#8221;4.14.2&#8243; _module_preset=&#8221;default&#8221; text_font=&#8221;Alata|700|||||||&#8221; text_font_size=&#8221;24px&#8221; header_font_size=&#8221;35px&#8221; custom_padding=&#8221;0px|||||&#8221; global_colors_info=&#8221;{}&#8221;]<h2 style=\"text-align: center;\">OBSERVACIONES EN EL GRUPO DE CLASIFICACI\u00d3N<\/h2>[\/et_pb_text][et_pb_text _builder_version=&#8221;4.14.2&#8243; _module_preset=&#8221;default&#8221; text_font=&#8221;Alata||||||||&#8221; text_font_size=&#8221;20px&#8221; custom_padding=&#8221;0px|||||&#8221; hover_enabled=&#8221;0&#8243; global_colors_info=&#8221;{}&#8221; sticky_enabled=&#8221;0&#8243;]<p style=\"text-align: left;\">Es una competici\u00f3n dividida en dos grupos con tres jornadas. El primer clasificado de cada grupo juega la Final.<br \/>NORMAS:<br \/>En caso de empate en alguno de los partidos de esta fase, se proceder\u00e1 a una serie de lanzamientos desde el punto de penalty, de CINCO cada equipo y posterior AL FALLO, hasta conseguir un ganador. Al ganador se le otorgar\u00e1 0,25 puntos adicionales.Si la competici\u00f3n se hubiese celebrado a una vuelta y el empate a puntos en la clasificaci\u00f3n final, se produjese entre dos o m\u00e1s clubes, se resolver\u00e1:<\/p>\n<p style=\"text-align: left;\">a) Por la mayor diferencia de goles obtenidos y recibidos, teniendo en cuenta todos los encuentros de la competici\u00f3n.<\/p>\n<p style=\"text-align: left;\">b) Por el mayor n\u00famero de goles marcados, teniendo en cuenta todos los conseguidos en la competici\u00f3n.<\/p>\n<p style=\"text-align: left;\">c) Por el resultado de uno de los partidos jugados entre ellos.<\/p>\n<p style=\"text-align: left;\">d) Por sorteo<\/p>[\/et_pb_text][\/et_pb_column][\/et_pb_row][et_pb_row _builder_version=&#8221;4.7.7&#8243; _module_preset=&#8221;default&#8221; global_colors_info=&#8221;{}&#8221;][et_pb_column type=&#8221;4_4&#8243; _builder_version=&#8221;4.7.7&#8243; _module_preset=&#8221;default&#8221; global_colors_info=&#8221;{}&#8221;][et_pb_text _builder_version=&#8221;4.14.2&#8243; _module_preset=&#8221;default&#8221; text_font=&#8221;Alata|700|||||||&#8221; text_font_size=&#8221;24px&#8221; header_font_size=&#8221;35px&#8221; custom_padding=&#8221;0px|||||&#8221; global_colors_info=&#8221;{}&#8221;]<h2 style=\"text-align: center;\">OBSERVACIONES EN LA FINAL<\/h2>[\/et_pb_text][et_pb_text _builder_version=&#8221;4.14.2&#8243; _module_preset=&#8221;default&#8221; text_font=&#8221;Alata||||||||&#8221; text_font_size=&#8221;20px&#8221; custom_padding=&#8221;0px|||||&#8221; global_colors_info=&#8221;{}&#8221;]<p style=\"text-align: left;\">a) En las competiciones por eliminatorias, se tendr\u00e1 como vencedor de cada una de ellas al equipo que haya obtenido mayor n\u00famero de goles a favor. En caso de empate se proceder\u00e1 a una serie de lanzamientos desde el punto de penalty, de CINCO cada equipo y posterior AL FALLO, hasta conseguir un ganador.<\/p>[\/et_pb_text][\/et_pb_column][\/et_pb_row][\/et_pb_section][et_pb_section fb_built=&#8221;1&#8243; _builder_version=&#8221;4.7.7&#8243; _module_preset=&#8221;default&#8221; custom_padding=&#8221;3px|||||&#8221; global_colors_info=&#8221;{}&#8221;][et_pb_row _builder_version=&#8221;4.7.7&#8243; _module_preset=&#8221;default&#8221; global_colors_info=&#8221;{}&#8221;][et_pb_column type=&#8221;4_4&#8243; _builder_version=&#8221;4.7.7&#8243; _module_preset=&#8221;default&#8221; global_colors_info=&#8221;{}&#8221;][et_pb_text _builder_version=&#8221;4.7.7&#8243; _module_preset=&#8221;default&#8221; text_font=&#8221;Alata||||||||&#8221; global_colors_info=&#8221;{}&#8221;]<h3 style=\"text-align: center;\">SIGUENOS PARA NO PERDERTE NADA<\/h3>[\/et_pb_text][et_pb_social_media_follow _builder_version=&#8221;4.9.10&#8243; _module_preset=&#8221;default&#8221; text_orientation=&#8221;center&#8221; global_colors_info=&#8221;{}&#8221;][et_pb_social_media_follow_network social_network=&#8221;twitter&#8221; url=&#8221;https:\/\/twitter.com\/juventud_VK&#8221; icon_color=&#8221;#ffffff&#8221; use_icon_font_size=&#8221;on&#8221; icon_font_size=&#8221;50px&#8221; _builder_version=&#8221;4.9.10&#8243; _module_preset=&#8221;default&#8221; background_color=&#8221;#00baee&#8221; background_enable_color=&#8221;on&#8221; custom_button=&#8221;on&#8221; button_text_size=&#8221;1px&#8221; global_colors_info=&#8221;{}&#8221; follow_button=&#8221;off&#8221; url_new_window=&#8221;on&#8221;]twitter[\/et_pb_social_media_follow_network][et_pb_social_media_follow_network social_network=&#8221;instagram&#8221; url=&#8221;https:\/\/www.instagram.com\/juventudvallekas\/?hl=es&#8221; use_icon_font_size=&#8221;on&#8221; icon_font_size=&#8221;50px&#8221; _builder_version=&#8221;4.9.10&#8243; _module_preset=&#8221;default&#8221; background_color=&#8221;#00baee&#8221; background_enable_color=&#8221;on&#8221; global_colors_info=&#8221;{}&#8221; follow_button=&#8221;off&#8221; url_new_window=&#8221;on&#8221;]instagram[\/et_pb_social_media_follow_network][et_pb_social_media_follow_network social_network=&#8221;youtube&#8221; url=&#8221;https:\/\/www.youtube.com\/channel\/UCWEGj4-4BvuqM4M3KmCPM6Q&#8221; use_icon_font_size=&#8221;on&#8221; icon_font_size=&#8221;50px&#8221; _builder_version=&#8221;4.7.7&#8243; _module_preset=&#8221;default&#8221; background_color=&#8221;#00baee&#8221; background_enable_color=&#8221;on&#8221; global_colors_info=&#8221;{}&#8221; follow_button=&#8221;off&#8221; url_new_window=&#8221;on&#8221;]youtube[\/et_pb_social_media_follow_network][\/et_pb_social_media_follow][\/et_pb_column][\/et_pb_row][\/et_pb_section]\n\n","protected":false},"excerpt":{"rendered":"<p>III TORNEO DE F\u00daTBOL SALA BENJAM\u00cdN DE CAMPEONES DE DISTRITO 2022EN EL CDM JUAN DE DIOS ROM\u00c1M C\/JOS\u00c9 GUTI\u00c9RREZ MAROTO 34GRUPO A VILLA DE VALLECAS &#8211; JUVENTUD VALLEKAS MORATALAZ &#8211; CARMEN LAFORET RETIRO -FUHEM MONTSERRAT ARGANZUELA &#8211; ARGANZUELA FUTSAL GRUPO B SAN BLAS &#8211; MARIANO JOSE LARRA CIUDAD LINEAL &#8211; SAN BENITO JUNIORS BARAJAS &#8211; [&hellip;]<\/p>\n","protected":false},"author":1,"featured_media":0,"comment_status":"closed","ping_status":"closed","sticky":false,"template":"","format":"standard","meta":{"_et_pb_use_builder":"on","_et_pb_old_content":"","_et_gb_content_width":"","footnotes":""},"categories":[1],"tags":[],"class_list":["post-1626","post","type-post","status-publish","format-standard","hentry","category-uncategorized"],"yoast_head":"<!-- This site is optimized with the Yoast SEO plugin v27.5 - https:\/\/yoast.com\/product\/yoast-seo-wordpress\/ -->\n<title>juventudvallekas.com<\/title>\n<meta name=\"robots\" content=\"index, follow, max-snippet:-1, max-image-preview:large, max-video-preview:-1\" \/>\n<link rel=\"canonical\" href=\"https:\/\/juventudvallekas.com\/index.php\/2022\/04\/28\/torneo-benjamin\/\" \/>\n<meta property=\"og:locale\" content=\"es_ES\" \/>\n<meta property=\"og:type\" content=\"article\" \/>\n<meta property=\"og:title\" content=\"juventudvallekas.com\" \/>\n<meta property=\"og:description\" content=\"III TORNEO DE F\u00daTBOL SALA BENJAM\u00cdN DE CAMPEONES DE DISTRITO 2022EN EL CDM JUAN DE DIOS ROM\u00c1M C\/JOS\u00c9 GUTI\u00c9RREZ MAROTO 34GRUPO A VILLA DE VALLECAS - JUVENTUD VALLEKAS MORATALAZ - CARMEN LAFORET RETIRO -FUHEM MONTSERRAT ARGANZUELA - ARGANZUELA FUTSAL GRUPO B SAN BLAS - MARIANO JOSE LARRA CIUDAD LINEAL - SAN BENITO JUNIORS BARAJAS - [&hellip;]\" \/>\n<meta property=\"og:url\" content=\"https:\/\/juventudvallekas.com\/index.php\/2022\/04\/28\/torneo-benjamin\/\" \/>\n<meta property=\"og:site_name\" content=\"juventudvallekas.com\" \/>\n<meta property=\"article:published_time\" content=\"2022-04-28T15:45:00+00:00\" \/>\n<meta property=\"article:modified_time\" content=\"2023-09-06T07:52:47+00:00\" \/>\n<meta name=\"author\" content=\"V\u00edctor Pin\u00e9s del Agua\" \/>\n<meta name=\"twitter:card\" content=\"summary_large_image\" \/>\n<meta name=\"twitter:creator\" content=\"@GuillenPrim\" \/>\n<meta name=\"twitter:site\" content=\"@GuillenPrim\" \/>\n<meta name=\"twitter:label1\" content=\"Escrito por\" \/>\n\t<meta name=\"twitter:data1\" content=\"V\u00edctor Pin\u00e9s del Agua\" \/>\n\t<meta name=\"twitter:label2\" content=\"Tiempo de lectura\" \/>\n\t<meta name=\"twitter:data2\" content=\"4 minutos\" \/>\n<script type=\"application\/ld+json\" class=\"yoast-schema-graph\">{\"@context\":\"https:\\\/\\\/schema.org\",\"@graph\":[{\"@type\":\"Article\",\"@id\":\"https:\\\/\\\/juventudvallekas.com\\\/index.php\\\/2022\\\/04\\\/28\\\/torneo-benjamin\\\/#article\",\"isPartOf\":{\"@id\":\"https:\\\/\\\/juventudvallekas.com\\\/index.php\\\/2022\\\/04\\\/28\\\/torneo-benjamin\\\/\"},\"author\":{\"name\":\"V\u00edctor Pin\u00e9s del Agua\",\"@id\":\"https:\\\/\\\/juventudvallekas.com\\\/#\\\/schema\\\/person\\\/59189383b690b07d25b530b86fd9cd38\"},\"headline\":\"III TORNEO DE FIESTAS DEL DISTRITO VILLA DE VALLECAS 2023\",\"datePublished\":\"2022-04-28T15:45:00+00:00\",\"dateModified\":\"2023-09-06T07:52:47+00:00\",\"mainEntityOfPage\":{\"@id\":\"https:\\\/\\\/juventudvallekas.com\\\/index.php\\\/2022\\\/04\\\/28\\\/torneo-benjamin\\\/\"},\"wordCount\":1636,\"publisher\":{\"@id\":\"https:\\\/\\\/juventudvallekas.com\\\/#organization\"},\"articleSection\":[\"Uncategorized\"],\"inLanguage\":\"es\"},{\"@type\":\"WebPage\",\"@id\":\"https:\\\/\\\/juventudvallekas.com\\\/index.php\\\/2022\\\/04\\\/28\\\/torneo-benjamin\\\/\",\"url\":\"https:\\\/\\\/juventudvallekas.com\\\/index.php\\\/2022\\\/04\\\/28\\\/torneo-benjamin\\\/\",\"name\":\"juventudvallekas.com\",\"isPartOf\":{\"@id\":\"https:\\\/\\\/juventudvallekas.com\\\/#website\"},\"datePublished\":\"2022-04-28T15:45:00+00:00\",\"dateModified\":\"2023-09-06T07:52:47+00:00\",\"breadcrumb\":{\"@id\":\"https:\\\/\\\/juventudvallekas.com\\\/index.php\\\/2022\\\/04\\\/28\\\/torneo-benjamin\\\/#breadcrumb\"},\"inLanguage\":\"es\",\"potentialAction\":[{\"@type\":\"ReadAction\",\"target\":[\"https:\\\/\\\/juventudvallekas.com\\\/index.php\\\/2022\\\/04\\\/28\\\/torneo-benjamin\\\/\"]}]},{\"@type\":\"BreadcrumbList\",\"@id\":\"https:\\\/\\\/juventudvallekas.com\\\/index.php\\\/2022\\\/04\\\/28\\\/torneo-benjamin\\\/#breadcrumb\",\"itemListElement\":[{\"@type\":\"ListItem\",\"position\":1,\"name\":\"Portada\",\"item\":\"https:\\\/\\\/juventudvallekas.com\\\/\"},{\"@type\":\"ListItem\",\"position\":2,\"name\":\"III TORNEO DE FIESTAS DEL DISTRITO VILLA DE VALLECAS 2023\"}]},{\"@type\":\"WebSite\",\"@id\":\"https:\\\/\\\/juventudvallekas.com\\\/#website\",\"url\":\"https:\\\/\\\/juventudvallekas.com\\\/\",\"name\":\"juventudvallekas.com\",\"description\":\"Juventud Vallekas\",\"publisher\":{\"@id\":\"https:\\\/\\\/juventudvallekas.com\\\/#organization\"},\"potentialAction\":[{\"@type\":\"SearchAction\",\"target\":{\"@type\":\"EntryPoint\",\"urlTemplate\":\"https:\\\/\\\/juventudvallekas.com\\\/?s={search_term_string}\"},\"query-input\":{\"@type\":\"PropertyValueSpecification\",\"valueRequired\":true,\"valueName\":\"search_term_string\"}}],\"inLanguage\":\"es\"},{\"@type\":\"Organization\",\"@id\":\"https:\\\/\\\/juventudvallekas.com\\\/#organization\",\"name\":\"JUVENTUD VALLEKAS\",\"url\":\"https:\\\/\\\/juventudvallekas.com\\\/\",\"logo\":{\"@type\":\"ImageObject\",\"inLanguage\":\"es\",\"@id\":\"https:\\\/\\\/juventudvallekas.com\\\/#\\\/schema\\\/logo\\\/image\\\/\",\"url\":\"http:\\\/\\\/juventudvallekas.com\\\/wp-content\\\/uploads\\\/2021\\\/01\\\/cropped-PRIM-COLOR-TRANSPARENTE.png\",\"contentUrl\":\"http:\\\/\\\/juventudvallekas.com\\\/wp-content\\\/uploads\\\/2021\\\/01\\\/cropped-PRIM-COLOR-TRANSPARENTE.png\",\"width\":512,\"height\":512,\"caption\":\"JUVENTUD VALLEKAS\"},\"image\":{\"@id\":\"https:\\\/\\\/juventudvallekas.com\\\/#\\\/schema\\\/logo\\\/image\\\/\"},\"sameAs\":[\"https:\\\/\\\/x.com\\\/GuillenPrim\",\"https:\\\/\\\/www.instagram.com\\\/epmiguelguillenprim\\\/?hl=es\",\"https:\\\/\\\/www.youtube.com\\\/channel\\\/UCWEGj4-4BvuqM4M3KmCPM6Q\"]},{\"@type\":\"Person\",\"@id\":\"https:\\\/\\\/juventudvallekas.com\\\/#\\\/schema\\\/person\\\/59189383b690b07d25b530b86fd9cd38\",\"name\":\"V\u00edctor Pin\u00e9s del Agua\",\"image\":{\"@type\":\"ImageObject\",\"inLanguage\":\"es\",\"@id\":\"https:\\\/\\\/secure.gravatar.com\\\/avatar\\\/dfea977884e78432937eecf2776e52b3e30898aabd1ea500097ad56b78875263?s=96&d=mm&r=g\",\"url\":\"https:\\\/\\\/secure.gravatar.com\\\/avatar\\\/dfea977884e78432937eecf2776e52b3e30898aabd1ea500097ad56b78875263?s=96&d=mm&r=g\",\"contentUrl\":\"https:\\\/\\\/secure.gravatar.com\\\/avatar\\\/dfea977884e78432937eecf2776e52b3e30898aabd1ea500097ad56b78875263?s=96&d=mm&r=g\",\"caption\":\"V\u00edctor Pin\u00e9s del Agua\"},\"sameAs\":[\"http:\\\/\\\/juventudvallekas.com\"]}]}<\/script>\n<!-- \/ Yoast SEO plugin. -->","yoast_head_json":{"title":"juventudvallekas.com","robots":{"index":"index","follow":"follow","max-snippet":"max-snippet:-1","max-image-preview":"max-image-preview:large","max-video-preview":"max-video-preview:-1"},"canonical":"https:\/\/juventudvallekas.com\/index.php\/2022\/04\/28\/torneo-benjamin\/","og_locale":"es_ES","og_type":"article","og_title":"juventudvallekas.com","og_description":"III TORNEO DE F\u00daTBOL SALA BENJAM\u00cdN DE CAMPEONES DE DISTRITO 2022EN EL CDM JUAN DE DIOS ROM\u00c1M C\/JOS\u00c9 GUTI\u00c9RREZ MAROTO 34GRUPO A VILLA DE VALLECAS - JUVENTUD VALLEKAS MORATALAZ - CARMEN LAFORET RETIRO -FUHEM MONTSERRAT ARGANZUELA - ARGANZUELA FUTSAL GRUPO B SAN BLAS - MARIANO JOSE LARRA CIUDAD LINEAL - SAN BENITO JUNIORS BARAJAS - [&hellip;]","og_url":"https:\/\/juventudvallekas.com\/index.php\/2022\/04\/28\/torneo-benjamin\/","og_site_name":"juventudvallekas.com","article_published_time":"2022-04-28T15:45:00+00:00","article_modified_time":"2023-09-06T07:52:47+00:00","author":"V\u00edctor Pin\u00e9s del Agua","twitter_card":"summary_large_image","twitter_creator":"@GuillenPrim","twitter_site":"@GuillenPrim","twitter_misc":{"Escrito por":"V\u00edctor Pin\u00e9s del Agua","Tiempo de lectura":"4 minutos"},"schema":{"@context":"https:\/\/schema.org","@graph":[{"@type":"Article","@id":"https:\/\/juventudvallekas.com\/index.php\/2022\/04\/28\/torneo-benjamin\/#article","isPartOf":{"@id":"https:\/\/juventudvallekas.com\/index.php\/2022\/04\/28\/torneo-benjamin\/"},"author":{"name":"V\u00edctor Pin\u00e9s del Agua","@id":"https:\/\/juventudvallekas.com\/#\/schema\/person\/59189383b690b07d25b530b86fd9cd38"},"headline":"III TORNEO DE FIESTAS DEL DISTRITO VILLA DE VALLECAS 2023","datePublished":"2022-04-28T15:45:00+00:00","dateModified":"2023-09-06T07:52:47+00:00","mainEntityOfPage":{"@id":"https:\/\/juventudvallekas.com\/index.php\/2022\/04\/28\/torneo-benjamin\/"},"wordCount":1636,"publisher":{"@id":"https:\/\/juventudvallekas.com\/#organization"},"articleSection":["Uncategorized"],"inLanguage":"es"},{"@type":"WebPage","@id":"https:\/\/juventudvallekas.com\/index.php\/2022\/04\/28\/torneo-benjamin\/","url":"https:\/\/juventudvallekas.com\/index.php\/2022\/04\/28\/torneo-benjamin\/","name":"juventudvallekas.com","isPartOf":{"@id":"https:\/\/juventudvallekas.com\/#website"},"datePublished":"2022-04-28T15:45:00+00:00","dateModified":"2023-09-06T07:52:47+00:00","breadcrumb":{"@id":"https:\/\/juventudvallekas.com\/index.php\/2022\/04\/28\/torneo-benjamin\/#breadcrumb"},"inLanguage":"es","potentialAction":[{"@type":"ReadAction","target":["https:\/\/juventudvallekas.com\/index.php\/2022\/04\/28\/torneo-benjamin\/"]}]},{"@type":"BreadcrumbList","@id":"https:\/\/juventudvallekas.com\/index.php\/2022\/04\/28\/torneo-benjamin\/#breadcrumb","itemListElement":[{"@type":"ListItem","position":1,"name":"Portada","item":"https:\/\/juventudvallekas.com\/"},{"@type":"ListItem","position":2,"name":"III TORNEO DE FIESTAS DEL DISTRITO VILLA DE VALLECAS 2023"}]},{"@type":"WebSite","@id":"https:\/\/juventudvallekas.com\/#website","url":"https:\/\/juventudvallekas.com\/","name":"juventudvallekas.com","description":"Juventud Vallekas","publisher":{"@id":"https:\/\/juventudvallekas.com\/#organization"},"potentialAction":[{"@type":"SearchAction","target":{"@type":"EntryPoint","urlTemplate":"https:\/\/juventudvallekas.com\/?s={search_term_string}"},"query-input":{"@type":"PropertyValueSpecification","valueRequired":true,"valueName":"search_term_string"}}],"inLanguage":"es"},{"@type":"Organization","@id":"https:\/\/juventudvallekas.com\/#organization","name":"JUVENTUD VALLEKAS","url":"https:\/\/juventudvallekas.com\/","logo":{"@type":"ImageObject","inLanguage":"es","@id":"https:\/\/juventudvallekas.com\/#\/schema\/logo\/image\/","url":"http:\/\/juventudvallekas.com\/wp-content\/uploads\/2021\/01\/cropped-PRIM-COLOR-TRANSPARENTE.png","contentUrl":"http:\/\/juventudvallekas.com\/wp-content\/uploads\/2021\/01\/cropped-PRIM-COLOR-TRANSPARENTE.png","width":512,"height":512,"caption":"JUVENTUD VALLEKAS"},"image":{"@id":"https:\/\/juventudvallekas.com\/#\/schema\/logo\/image\/"},"sameAs":["https:\/\/x.com\/GuillenPrim","https:\/\/www.instagram.com\/epmiguelguillenprim\/?hl=es","https:\/\/www.youtube.com\/channel\/UCWEGj4-4BvuqM4M3KmCPM6Q"]},{"@type":"Person","@id":"https:\/\/juventudvallekas.com\/#\/schema\/person\/59189383b690b07d25b530b86fd9cd38","name":"V\u00edctor Pin\u00e9s del Agua","image":{"@type":"ImageObject","inLanguage":"es","@id":"https:\/\/secure.gravatar.com\/avatar\/dfea977884e78432937eecf2776e52b3e30898aabd1ea500097ad56b78875263?s=96&d=mm&r=g","url":"https:\/\/secure.gravatar.com\/avatar\/dfea977884e78432937eecf2776e52b3e30898aabd1ea500097ad56b78875263?s=96&d=mm&r=g","contentUrl":"https:\/\/secure.gravatar.com\/avatar\/dfea977884e78432937eecf2776e52b3e30898aabd1ea500097ad56b78875263?s=96&d=mm&r=g","caption":"V\u00edctor Pin\u00e9s del Agua"},"sameAs":["http:\/\/juventudvallekas.com"]}]}},"_links":{"self":[{"href":"https:\/\/juventudvallekas.com\/index.php\/wp-json\/wp\/v2\/posts\/1626","targetHints":{"allow":["GET"]}}],"collection":[{"href":"https:\/\/juventudvallekas.com\/index.php\/wp-json\/wp\/v2\/posts"}],"about":[{"href":"https:\/\/juventudvallekas.com\/index.php\/wp-json\/wp\/v2\/types\/post"}],"author":[{"embeddable":true,"href":"https:\/\/juventudvallekas.com\/index.php\/wp-json\/wp\/v2\/users\/1"}],"replies":[{"embeddable":true,"href":"https:\/\/juventudvallekas.com\/index.php\/wp-json\/wp\/v2\/comments?post=1626"}],"version-history":[{"count":11,"href":"https:\/\/juventudvallekas.com\/index.php\/wp-json\/wp\/v2\/posts\/1626\/revisions"}],"predecessor-version":[{"id":2170,"href":"https:\/\/juventudvallekas.com\/index.php\/wp-json\/wp\/v2\/posts\/1626\/revisions\/2170"}],"wp:attachment":[{"href":"https:\/\/juventudvallekas.com\/index.php\/wp-json\/wp\/v2\/media?parent=1626"}],"wp:term":[{"taxonomy":"category","embeddable":true,"href":"https:\/\/juventudvallekas.com\/index.php\/wp-json\/wp\/v2\/categories?post=1626"},{"taxonomy":"post_tag","embeddable":true,"href":"https:\/\/juventudvallekas.com\/index.php\/wp-json\/wp\/v2\/tags?post=1626"}],"curies":[{"name":"wp","href":"https:\/\/api.w.org\/{rel}","templated":true}]}}