{"id":161,"date":"2021-01-16T12:30:05","date_gmt":"2021-01-16T11:30:05","guid":{"rendered":"http:\/\/juventudvallekas.com\/?p=161"},"modified":"2021-01-17T21:23:53","modified_gmt":"2021-01-17T20:23:53","slug":"suspendida-las-jornadas-7-y-8-de-la-tercera-division-madrilena-de-futbol-sala","status":"publish","type":"post","link":"https:\/\/juventudvallekas.com\/index.php\/2021\/01\/16\/suspendida-las-jornadas-7-y-8-de-la-tercera-division-madrilena-de-futbol-sala\/","title":{"rendered":"SUSPENDIDAS LAS JORNADAS 7 Y 8 DE LA TERCERA DIVISI\u00d3N DE FUTBOL SALA MADRILE\u00d1A"},"content":{"rendered":"\n[et_pb_section fb_built=&#8221;1&#8243; _builder_version=&#8221;4.7.7&#8243; _module_preset=&#8221;default&#8221;][et_pb_row _builder_version=&#8221;4.7.7&#8243; _module_preset=&#8221;default&#8221;][et_pb_column type=&#8221;4_4&#8243; _builder_version=&#8221;4.7.7&#8243; _module_preset=&#8221;default&#8221;][et_pb_text _builder_version=&#8221;4.7.7&#8243; _module_preset=&#8221;default&#8221; text_font=&#8221;Alata|700|||||||&#8221; text_font_size=&#8221;24px&#8221; header_font_size=&#8221;35px&#8221; header_2_font=&#8221;Alata|700|||||||&#8221; header_2_text_align=&#8221;center&#8221; header_2_font_size=&#8221;32px&#8221;]<h2>SUSPENDIDA LA JORNADA 7 Y 8 DE LA TERCERA DIVISI\u00d3N MADRILE\u00d1A<\/h2>[\/et_pb_text][et_pb_image src=&#8221;http:\/\/juventudvallekas.com\/wp-content\/uploads\/2021\/01\/DSC_0086-scaled.jpg&#8221; alt=&#8221;Suspendida Tercera Divisi\u00f3n , jugadores celebran gol&#8221; title_text=&#8221;Suspendida Tercera Divisi\u00f3n&#8221; align=&#8221;center&#8221; _builder_version=&#8221;4.7.7&#8243; _module_preset=&#8221;default&#8221;][\/et_pb_image][\/et_pb_column][\/et_pb_row][\/et_pb_section][et_pb_section fb_built=&#8221;1&#8243; _builder_version=&#8221;4.7.7&#8243; _module_preset=&#8221;default&#8221; min_height=&#8221;273px&#8221; custom_padding=&#8221;3px|||||&#8221;][et_pb_row _builder_version=&#8221;4.7.7&#8243; _module_preset=&#8221;default&#8221;][et_pb_column type=&#8221;4_4&#8243; _builder_version=&#8221;4.7.7&#8243; _module_preset=&#8221;default&#8221;][et_pb_text _builder_version=&#8221;4.7.7&#8243; _module_preset=&#8221;default&#8221; text_font=&#8221;Alata||||||||&#8221; text_font_size=&#8221;20px&#8221; hover_enabled=&#8221;0&#8243; sticky_enabled=&#8221;0&#8243;]<h2 class=\"entry-title\">QUEDA SUSPENDIDA LA TERCERA DIVISI\u00d3N MADRILE\u00d1A POR EL TEMPORAL FILOMENA<\/h2>\n<p>Debido al temporal de nieve Filomena que\u00a0 ha azotado el pa\u00eds durante estos d\u00edas,y siguiendo las indicaciones de las autoridades de la Comunidad de Madrid, la <a href=\"http:\/\/www.femafusa.com\/pnfg\/NNws_ShwNewDup?codigo=19135&amp;cod_primaria=5001453&amp;cod_secundaria=5001453#.YASOnehKiUk\">Federaci\u00f3n Madrile\u00f1a de F\u00fatbol Sala<\/a> ha decidido que\u00a0la Jornada 7 y 8\u00a0 de la <a href=\"https:\/\/juventudvallekas.com\/index.php\/tercera-division\/\">Tercera Divisi\u00f3n\u00a0<\/a>quede suspendida.<\/p>\n<p>Despu\u00e9s de que la Comunidad de Madrid decretase la alerta roja por el Temporal, y teniendo en cuenta la cantidad de desplazamientos que pondr\u00edan en peligro la salud tanto de los deportistas como de sus familiares, es l\u00f3gico que se haya optado por el aplazamiento de los partidos.<\/p>\n<p>Todav\u00eda son muchos los lugares en la que la actividad no se ha retomado, las ciudades y carreteras\u00a0 est\u00e1n a\u00fan llenas de nieve lo que complica mucho los translados, a esto se suma el cierrre de colegios, institutos y universidades por parte de la comunidad de Madrid, lo que conllevar\u00eda que muchos equipos no pudieran contar con sus instalaciones para poder entrenar o disputar los partidos.<\/p>\n<p>&nbsp;<\/p>\n[\/et_pb_text][\/et_pb_column][\/et_pb_row][\/et_pb_section][et_pb_section fb_built=&#8221;1&#8243; _builder_version=&#8221;4.7.7&#8243; _module_preset=&#8221;default&#8221; custom_padding=&#8221;3px|||||&#8221;][et_pb_row column_structure=&#8221;1_2,1_2&#8243; _builder_version=&#8221;4.7.7&#8243; _module_preset=&#8221;default&#8221;][et_pb_column type=&#8221;1_2&#8243; _builder_version=&#8221;4.7.7&#8243; _module_preset=&#8221;default&#8221;][et_pb_text _builder_version=&#8221;4.7.7&#8243; _module_preset=&#8221;default&#8221; text_font=&#8221;Alata||||||||&#8221; text_font_size=&#8221;20px&#8221;]<h2 class=\"entry-title\">NUEVAS FECHAS PARA LOS PARTIDOS APLAZADOS<\/h2>\n<p>Estas ser\u00e1n las nuevas fechas en las que se celebrar\u00e1n los encuentros aplazados.<\/p>\n<p>La Jornada 7, correspondiente al 9 y 10 de Enero, se deber\u00e1 jugar antes de la finalizaci\u00f3n de la primera vuelta, esta nueva fecha ser\u00e1 elegida por los propios equipos.<\/p>\n<p>La Jornada 8, correspondiente al 17 y 17 de Enero, quedar\u00e1 reubicada en el fin de semana del 6 y 7 de febrero .<\/p>\n<p>&nbsp;<\/p>[\/et_pb_text][\/et_pb_column][et_pb_column type=&#8221;1_2&#8243; _builder_version=&#8221;4.7.7&#8243; _module_preset=&#8221;default&#8221;][et_pb_text _builder_version=&#8221;4.7.7&#8243; _module_preset=&#8221;default&#8221; text_font=&#8221;Alata||||||||&#8221;]<h3 style=\"text-align: center;\">SIGUENOS PARA NO PERDERTE NADA<\/h3>[\/et_pb_text][et_pb_social_media_follow _builder_version=&#8221;4.7.7&#8243; _module_preset=&#8221;default&#8221; text_orientation=&#8221;center&#8221;][et_pb_social_media_follow_network social_network=&#8221;twitter&#8221; url=&#8221;https:\/\/twitter.com\/GuillenPrim&#8221; icon_color=&#8221;#ffffff&#8221; use_icon_font_size=&#8221;on&#8221; icon_font_size=&#8221;50px&#8221; _builder_version=&#8221;4.7.7&#8243; _module_preset=&#8221;default&#8221; background_color=&#8221;#00baee&#8221; background_enable_color=&#8221;on&#8221; custom_button=&#8221;on&#8221; button_text_size=&#8221;1px&#8221; follow_button=&#8221;off&#8221; url_new_window=&#8221;on&#8221;]twitter[\/et_pb_social_media_follow_network][et_pb_social_media_follow_network social_network=&#8221;instagram&#8221; url=&#8221;https:\/\/www.instagram.com\/epmiguelguillenprim\/?hl=es&#8221; use_icon_font_size=&#8221;on&#8221; icon_font_size=&#8221;50px&#8221; _builder_version=&#8221;4.7.7&#8243; _module_preset=&#8221;default&#8221; background_color=&#8221;#00baee&#8221; background_enable_color=&#8221;on&#8221; follow_button=&#8221;off&#8221; url_new_window=&#8221;on&#8221;]instagram[\/et_pb_social_media_follow_network][et_pb_social_media_follow_network social_network=&#8221;youtube&#8221; url=&#8221;https:\/\/www.youtube.com\/channel\/UCWEGj4-4BvuqM4M3KmCPM6Q&#8221; use_icon_font_size=&#8221;on&#8221; icon_font_size=&#8221;50px&#8221; _builder_version=&#8221;4.7.7&#8243; _module_preset=&#8221;default&#8221; background_color=&#8221;#00baee&#8221; background_enable_color=&#8221;on&#8221; follow_button=&#8221;off&#8221; url_new_window=&#8221;on&#8221;]youtube[\/et_pb_social_media_follow_network][\/et_pb_social_media_follow][\/et_pb_column][\/et_pb_row][\/et_pb_section]\n","protected":false},"excerpt":{"rendered":"<p>Debido al temporal Filomena quedan suspendidas la Jornada 7 y 8 de la Tercera Divisi\u00f3n Madrile\u00f1a<\/p>\n","protected":false},"author":1,"featured_media":165,"comment_status":"closed","ping_status":"closed","sticky":false,"template":"","format":"standard","meta":{"_et_pb_use_builder":"on","_et_pb_old_content":"","_et_gb_content_width":"1080","footnotes":""},"categories":[25],"tags":[],"class_list":["post-161","post","type-post","status-publish","format-standard","has-post-thumbnail","hentry","category-tercera-division"],"yoast_head":"<!-- This site is optimized with the Yoast SEO plugin v27.5 - https:\/\/yoast.com\/product\/yoast-seo-wordpress\/ -->\n<title>SUSPENDIDA TERCERA DIVISI\u00d3N MADRILE\u00d1A- juventudvallekas.com<\/title>\n<meta name=\"description\" content=\"Debido al temporal Filomena han quedado suspendida la Jornada 7 y 8 de la Tercera Divisi\u00f3n Madrile\u00f1a. Nuevas fechas para los partidos,\" \/>\n<meta name=\"robots\" content=\"index, follow, max-snippet:-1, max-image-preview:large, max-video-preview:-1\" \/>\n<link rel=\"canonical\" href=\"https:\/\/juventudvallekas.com\/index.php\/2021\/01\/16\/suspendida-las-jornadas-7-y-8-de-la-tercera-division-madrilena-de-futbol-sala\/\" \/>\n<meta property=\"og:locale\" content=\"es_ES\" \/>\n<meta property=\"og:type\" content=\"article\" \/>\n<meta property=\"og:title\" content=\"SUSPENDIDA TERCERA DIVISI\u00d3N MADRILE\u00d1A- juventudvallekas.com\" \/>\n<meta property=\"og:description\" content=\"Debido al temporal Filomena han quedado suspendida la Jornada 7 y 8 de la Tercera Divisi\u00f3n Madrile\u00f1a. Nuevas fechas para los partidos,\" \/>\n<meta property=\"og:url\" content=\"https:\/\/juventudvallekas.com\/index.php\/2021\/01\/16\/suspendida-las-jornadas-7-y-8-de-la-tercera-division-madrilena-de-futbol-sala\/\" \/>\n<meta property=\"og:site_name\" content=\"juventudvallekas.com\" \/>\n<meta property=\"article:published_time\" content=\"2021-01-16T11:30:05+00:00\" \/>\n<meta property=\"article:modified_time\" content=\"2021-01-17T20:23:53+00:00\" \/>\n<meta property=\"og:image\" content=\"http:\/\/juventudvallekas.com\/wp-content\/uploads\/2021\/01\/DSC_0087-scaled.jpg\" \/>\n\t<meta property=\"og:image:width\" content=\"2560\" \/>\n\t<meta property=\"og:image:height\" content=\"1707\" \/>\n\t<meta property=\"og:image:type\" content=\"image\/jpeg\" \/>\n<meta name=\"author\" content=\"V\u00edctor Pin\u00e9s del Agua\" \/>\n<meta name=\"twitter:card\" content=\"summary_large_image\" \/>\n<meta name=\"twitter:creator\" content=\"@GuillenPrim\" \/>\n<meta name=\"twitter:site\" content=\"@GuillenPrim\" \/>\n<meta name=\"twitter:label1\" content=\"Escrito por\" \/>\n\t<meta name=\"twitter:data1\" content=\"V\u00edctor Pin\u00e9s del Agua\" \/>\n\t<meta name=\"twitter:label2\" content=\"Tiempo de lectura\" \/>\n\t<meta name=\"twitter:data2\" content=\"2 minutos\" \/>\n<script type=\"application\/ld+json\" class=\"yoast-schema-graph\">{\"@context\":\"https:\\\/\\\/schema.org\",\"@graph\":[{\"@type\":\"Article\",\"@id\":\"https:\\\/\\\/juventudvallekas.com\\\/index.php\\\/2021\\\/01\\\/16\\\/suspendida-las-jornadas-7-y-8-de-la-tercera-division-madrilena-de-futbol-sala\\\/#article\",\"isPartOf\":{\"@id\":\"https:\\\/\\\/juventudvallekas.com\\\/index.php\\\/2021\\\/01\\\/16\\\/suspendida-las-jornadas-7-y-8-de-la-tercera-division-madrilena-de-futbol-sala\\\/\"},\"author\":{\"name\":\"V\u00edctor Pin\u00e9s del Agua\",\"@id\":\"https:\\\/\\\/juventudvallekas.com\\\/#\\\/schema\\\/person\\\/59189383b690b07d25b530b86fd9cd38\"},\"headline\":\"SUSPENDIDAS LAS JORNADAS 7 Y 8 DE LA TERCERA DIVISI\u00d3N DE FUTBOL SALA MADRILE\u00d1A\",\"datePublished\":\"2021-01-16T11:30:05+00:00\",\"dateModified\":\"2021-01-17T20:23:53+00:00\",\"mainEntityOfPage\":{\"@id\":\"https:\\\/\\\/juventudvallekas.com\\\/index.php\\\/2021\\\/01\\\/16\\\/suspendida-las-jornadas-7-y-8-de-la-tercera-division-madrilena-de-futbol-sala\\\/\"},\"wordCount\":721,\"publisher\":{\"@id\":\"https:\\\/\\\/juventudvallekas.com\\\/#organization\"},\"image\":{\"@id\":\"https:\\\/\\\/juventudvallekas.com\\\/index.php\\\/2021\\\/01\\\/16\\\/suspendida-las-jornadas-7-y-8-de-la-tercera-division-madrilena-de-futbol-sala\\\/#primaryimage\"},\"thumbnailUrl\":\"https:\\\/\\\/juventudvallekas.com\\\/wp-content\\\/uploads\\\/2021\\\/01\\\/DSC_0087-scaled.jpg\",\"articleSection\":[\"TERCERA DIVISI\u00d3N\"],\"inLanguage\":\"es\"},{\"@type\":\"WebPage\",\"@id\":\"https:\\\/\\\/juventudvallekas.com\\\/index.php\\\/2021\\\/01\\\/16\\\/suspendida-las-jornadas-7-y-8-de-la-tercera-division-madrilena-de-futbol-sala\\\/\",\"url\":\"https:\\\/\\\/juventudvallekas.com\\\/index.php\\\/2021\\\/01\\\/16\\\/suspendida-las-jornadas-7-y-8-de-la-tercera-division-madrilena-de-futbol-sala\\\/\",\"name\":\"SUSPENDIDA TERCERA DIVISI\u00d3N MADRILE\u00d1A- juventudvallekas.com\",\"isPartOf\":{\"@id\":\"https:\\\/\\\/juventudvallekas.com\\\/#website\"},\"primaryImageOfPage\":{\"@id\":\"https:\\\/\\\/juventudvallekas.com\\\/index.php\\\/2021\\\/01\\\/16\\\/suspendida-las-jornadas-7-y-8-de-la-tercera-division-madrilena-de-futbol-sala\\\/#primaryimage\"},\"image\":{\"@id\":\"https:\\\/\\\/juventudvallekas.com\\\/index.php\\\/2021\\\/01\\\/16\\\/suspendida-las-jornadas-7-y-8-de-la-tercera-division-madrilena-de-futbol-sala\\\/#primaryimage\"},\"thumbnailUrl\":\"https:\\\/\\\/juventudvallekas.com\\\/wp-content\\\/uploads\\\/2021\\\/01\\\/DSC_0087-scaled.jpg\",\"datePublished\":\"2021-01-16T11:30:05+00:00\",\"dateModified\":\"2021-01-17T20:23:53+00:00\",\"description\":\"Debido al temporal Filomena han quedado suspendida la Jornada 7 y 8 de la Tercera Divisi\u00f3n Madrile\u00f1a. Nuevas fechas para los partidos,\",\"breadcrumb\":{\"@id\":\"https:\\\/\\\/juventudvallekas.com\\\/index.php\\\/2021\\\/01\\\/16\\\/suspendida-las-jornadas-7-y-8-de-la-tercera-division-madrilena-de-futbol-sala\\\/#breadcrumb\"},\"inLanguage\":\"es\",\"potentialAction\":[{\"@type\":\"ReadAction\",\"target\":[\"https:\\\/\\\/juventudvallekas.com\\\/index.php\\\/2021\\\/01\\\/16\\\/suspendida-las-jornadas-7-y-8-de-la-tercera-division-madrilena-de-futbol-sala\\\/\"]}]},{\"@type\":\"ImageObject\",\"inLanguage\":\"es\",\"@id\":\"https:\\\/\\\/juventudvallekas.com\\\/index.php\\\/2021\\\/01\\\/16\\\/suspendida-las-jornadas-7-y-8-de-la-tercera-division-madrilena-de-futbol-sala\\\/#primaryimage\",\"url\":\"https:\\\/\\\/juventudvallekas.com\\\/wp-content\\\/uploads\\\/2021\\\/01\\\/DSC_0087-scaled.jpg\",\"contentUrl\":\"https:\\\/\\\/juventudvallekas.com\\\/wp-content\\\/uploads\\\/2021\\\/01\\\/DSC_0087-scaled.jpg\",\"width\":2560,\"height\":1707,\"caption\":\"Suspendida Tercera Divisi\u00f3n , jugadores celebran gol\"},{\"@type\":\"BreadcrumbList\",\"@id\":\"https:\\\/\\\/juventudvallekas.com\\\/index.php\\\/2021\\\/01\\\/16\\\/suspendida-las-jornadas-7-y-8-de-la-tercera-division-madrilena-de-futbol-sala\\\/#breadcrumb\",\"itemListElement\":[{\"@type\":\"ListItem\",\"position\":1,\"name\":\"Portada\",\"item\":\"https:\\\/\\\/juventudvallekas.com\\\/\"},{\"@type\":\"ListItem\",\"position\":2,\"name\":\"SUSPENDIDAS LAS JORNADAS 7 Y 8 DE LA TERCERA DIVISI\u00d3N DE FUTBOL SALA MADRILE\u00d1A\"}]},{\"@type\":\"WebSite\",\"@id\":\"https:\\\/\\\/juventudvallekas.com\\\/#website\",\"url\":\"https:\\\/\\\/juventudvallekas.com\\\/\",\"name\":\"juventudvallekas.com\",\"description\":\"Juventud Vallekas\",\"publisher\":{\"@id\":\"https:\\\/\\\/juventudvallekas.com\\\/#organization\"},\"potentialAction\":[{\"@type\":\"SearchAction\",\"target\":{\"@type\":\"EntryPoint\",\"urlTemplate\":\"https:\\\/\\\/juventudvallekas.com\\\/?s={search_term_string}\"},\"query-input\":{\"@type\":\"PropertyValueSpecification\",\"valueRequired\":true,\"valueName\":\"search_term_string\"}}],\"inLanguage\":\"es\"},{\"@type\":\"Organization\",\"@id\":\"https:\\\/\\\/juventudvallekas.com\\\/#organization\",\"name\":\"JUVENTUD VALLEKAS\",\"url\":\"https:\\\/\\\/juventudvallekas.com\\\/\",\"logo\":{\"@type\":\"ImageObject\",\"inLanguage\":\"es\",\"@id\":\"https:\\\/\\\/juventudvallekas.com\\\/#\\\/schema\\\/logo\\\/image\\\/\",\"url\":\"http:\\\/\\\/juventudvallekas.com\\\/wp-content\\\/uploads\\\/2021\\\/01\\\/cropped-PRIM-COLOR-TRANSPARENTE.png\",\"contentUrl\":\"http:\\\/\\\/juventudvallekas.com\\\/wp-content\\\/uploads\\\/2021\\\/01\\\/cropped-PRIM-COLOR-TRANSPARENTE.png\",\"width\":512,\"height\":512,\"caption\":\"JUVENTUD VALLEKAS\"},\"image\":{\"@id\":\"https:\\\/\\\/juventudvallekas.com\\\/#\\\/schema\\\/logo\\\/image\\\/\"},\"sameAs\":[\"https:\\\/\\\/x.com\\\/GuillenPrim\",\"https:\\\/\\\/www.instagram.com\\\/epmiguelguillenprim\\\/?hl=es\",\"https:\\\/\\\/www.youtube.com\\\/channel\\\/UCWEGj4-4BvuqM4M3KmCPM6Q\"]},{\"@type\":\"Person\",\"@id\":\"https:\\\/\\\/juventudvallekas.com\\\/#\\\/schema\\\/person\\\/59189383b690b07d25b530b86fd9cd38\",\"name\":\"V\u00edctor Pin\u00e9s del Agua\",\"image\":{\"@type\":\"ImageObject\",\"inLanguage\":\"es\",\"@id\":\"https:\\\/\\\/secure.gravatar.com\\\/avatar\\\/dfea977884e78432937eecf2776e52b3e30898aabd1ea500097ad56b78875263?s=96&d=mm&r=g\",\"url\":\"https:\\\/\\\/secure.gravatar.com\\\/avatar\\\/dfea977884e78432937eecf2776e52b3e30898aabd1ea500097ad56b78875263?s=96&d=mm&r=g\",\"contentUrl\":\"https:\\\/\\\/secure.gravatar.com\\\/avatar\\\/dfea977884e78432937eecf2776e52b3e30898aabd1ea500097ad56b78875263?s=96&d=mm&r=g\",\"caption\":\"V\u00edctor Pin\u00e9s del Agua\"},\"sameAs\":[\"http:\\\/\\\/juventudvallekas.com\"]}]}<\/script>\n<!-- \/ Yoast SEO plugin. -->","yoast_head_json":{"title":"SUSPENDIDA TERCERA DIVISI\u00d3N MADRILE\u00d1A- juventudvallekas.com","description":"Debido al temporal Filomena han quedado suspendida la Jornada 7 y 8 de la Tercera Divisi\u00f3n Madrile\u00f1a. Nuevas fechas para los partidos,","robots":{"index":"index","follow":"follow","max-snippet":"max-snippet:-1","max-image-preview":"max-image-preview:large","max-video-preview":"max-video-preview:-1"},"canonical":"https:\/\/juventudvallekas.com\/index.php\/2021\/01\/16\/suspendida-las-jornadas-7-y-8-de-la-tercera-division-madrilena-de-futbol-sala\/","og_locale":"es_ES","og_type":"article","og_title":"SUSPENDIDA TERCERA DIVISI\u00d3N MADRILE\u00d1A- juventudvallekas.com","og_description":"Debido al temporal Filomena han quedado suspendida la Jornada 7 y 8 de la Tercera Divisi\u00f3n Madrile\u00f1a. Nuevas fechas para los partidos,","og_url":"https:\/\/juventudvallekas.com\/index.php\/2021\/01\/16\/suspendida-las-jornadas-7-y-8-de-la-tercera-division-madrilena-de-futbol-sala\/","og_site_name":"juventudvallekas.com","article_published_time":"2021-01-16T11:30:05+00:00","article_modified_time":"2021-01-17T20:23:53+00:00","og_image":[{"width":2560,"height":1707,"url":"http:\/\/juventudvallekas.com\/wp-content\/uploads\/2021\/01\/DSC_0087-scaled.jpg","type":"image\/jpeg"}],"author":"V\u00edctor Pin\u00e9s del Agua","twitter_card":"summary_large_image","twitter_creator":"@GuillenPrim","twitter_site":"@GuillenPrim","twitter_misc":{"Escrito por":"V\u00edctor Pin\u00e9s del Agua","Tiempo de lectura":"2 minutos"},"schema":{"@context":"https:\/\/schema.org","@graph":[{"@type":"Article","@id":"https:\/\/juventudvallekas.com\/index.php\/2021\/01\/16\/suspendida-las-jornadas-7-y-8-de-la-tercera-division-madrilena-de-futbol-sala\/#article","isPartOf":{"@id":"https:\/\/juventudvallekas.com\/index.php\/2021\/01\/16\/suspendida-las-jornadas-7-y-8-de-la-tercera-division-madrilena-de-futbol-sala\/"},"author":{"name":"V\u00edctor Pin\u00e9s del Agua","@id":"https:\/\/juventudvallekas.com\/#\/schema\/person\/59189383b690b07d25b530b86fd9cd38"},"headline":"SUSPENDIDAS LAS JORNADAS 7 Y 8 DE LA TERCERA DIVISI\u00d3N DE FUTBOL SALA MADRILE\u00d1A","datePublished":"2021-01-16T11:30:05+00:00","dateModified":"2021-01-17T20:23:53+00:00","mainEntityOfPage":{"@id":"https:\/\/juventudvallekas.com\/index.php\/2021\/01\/16\/suspendida-las-jornadas-7-y-8-de-la-tercera-division-madrilena-de-futbol-sala\/"},"wordCount":721,"publisher":{"@id":"https:\/\/juventudvallekas.com\/#organization"},"image":{"@id":"https:\/\/juventudvallekas.com\/index.php\/2021\/01\/16\/suspendida-las-jornadas-7-y-8-de-la-tercera-division-madrilena-de-futbol-sala\/#primaryimage"},"thumbnailUrl":"https:\/\/juventudvallekas.com\/wp-content\/uploads\/2021\/01\/DSC_0087-scaled.jpg","articleSection":["TERCERA DIVISI\u00d3N"],"inLanguage":"es"},{"@type":"WebPage","@id":"https:\/\/juventudvallekas.com\/index.php\/2021\/01\/16\/suspendida-las-jornadas-7-y-8-de-la-tercera-division-madrilena-de-futbol-sala\/","url":"https:\/\/juventudvallekas.com\/index.php\/2021\/01\/16\/suspendida-las-jornadas-7-y-8-de-la-tercera-division-madrilena-de-futbol-sala\/","name":"SUSPENDIDA TERCERA DIVISI\u00d3N MADRILE\u00d1A- juventudvallekas.com","isPartOf":{"@id":"https:\/\/juventudvallekas.com\/#website"},"primaryImageOfPage":{"@id":"https:\/\/juventudvallekas.com\/index.php\/2021\/01\/16\/suspendida-las-jornadas-7-y-8-de-la-tercera-division-madrilena-de-futbol-sala\/#primaryimage"},"image":{"@id":"https:\/\/juventudvallekas.com\/index.php\/2021\/01\/16\/suspendida-las-jornadas-7-y-8-de-la-tercera-division-madrilena-de-futbol-sala\/#primaryimage"},"thumbnailUrl":"https:\/\/juventudvallekas.com\/wp-content\/uploads\/2021\/01\/DSC_0087-scaled.jpg","datePublished":"2021-01-16T11:30:05+00:00","dateModified":"2021-01-17T20:23:53+00:00","description":"Debido al temporal Filomena han quedado suspendida la Jornada 7 y 8 de la Tercera Divisi\u00f3n Madrile\u00f1a. Nuevas fechas para los partidos,","breadcrumb":{"@id":"https:\/\/juventudvallekas.com\/index.php\/2021\/01\/16\/suspendida-las-jornadas-7-y-8-de-la-tercera-division-madrilena-de-futbol-sala\/#breadcrumb"},"inLanguage":"es","potentialAction":[{"@type":"ReadAction","target":["https:\/\/juventudvallekas.com\/index.php\/2021\/01\/16\/suspendida-las-jornadas-7-y-8-de-la-tercera-division-madrilena-de-futbol-sala\/"]}]},{"@type":"ImageObject","inLanguage":"es","@id":"https:\/\/juventudvallekas.com\/index.php\/2021\/01\/16\/suspendida-las-jornadas-7-y-8-de-la-tercera-division-madrilena-de-futbol-sala\/#primaryimage","url":"https:\/\/juventudvallekas.com\/wp-content\/uploads\/2021\/01\/DSC_0087-scaled.jpg","contentUrl":"https:\/\/juventudvallekas.com\/wp-content\/uploads\/2021\/01\/DSC_0087-scaled.jpg","width":2560,"height":1707,"caption":"Suspendida Tercera Divisi\u00f3n , jugadores celebran gol"},{"@type":"BreadcrumbList","@id":"https:\/\/juventudvallekas.com\/index.php\/2021\/01\/16\/suspendida-las-jornadas-7-y-8-de-la-tercera-division-madrilena-de-futbol-sala\/#breadcrumb","itemListElement":[{"@type":"ListItem","position":1,"name":"Portada","item":"https:\/\/juventudvallekas.com\/"},{"@type":"ListItem","position":2,"name":"SUSPENDIDAS LAS JORNADAS 7 Y 8 DE LA TERCERA DIVISI\u00d3N DE FUTBOL SALA MADRILE\u00d1A"}]},{"@type":"WebSite","@id":"https:\/\/juventudvallekas.com\/#website","url":"https:\/\/juventudvallekas.com\/","name":"juventudvallekas.com","description":"Juventud Vallekas","publisher":{"@id":"https:\/\/juventudvallekas.com\/#organization"},"potentialAction":[{"@type":"SearchAction","target":{"@type":"EntryPoint","urlTemplate":"https:\/\/juventudvallekas.com\/?s={search_term_string}"},"query-input":{"@type":"PropertyValueSpecification","valueRequired":true,"valueName":"search_term_string"}}],"inLanguage":"es"},{"@type":"Organization","@id":"https:\/\/juventudvallekas.com\/#organization","name":"JUVENTUD VALLEKAS","url":"https:\/\/juventudvallekas.com\/","logo":{"@type":"ImageObject","inLanguage":"es","@id":"https:\/\/juventudvallekas.com\/#\/schema\/logo\/image\/","url":"http:\/\/juventudvallekas.com\/wp-content\/uploads\/2021\/01\/cropped-PRIM-COLOR-TRANSPARENTE.png","contentUrl":"http:\/\/juventudvallekas.com\/wp-content\/uploads\/2021\/01\/cropped-PRIM-COLOR-TRANSPARENTE.png","width":512,"height":512,"caption":"JUVENTUD VALLEKAS"},"image":{"@id":"https:\/\/juventudvallekas.com\/#\/schema\/logo\/image\/"},"sameAs":["https:\/\/x.com\/GuillenPrim","https:\/\/www.instagram.com\/epmiguelguillenprim\/?hl=es","https:\/\/www.youtube.com\/channel\/UCWEGj4-4BvuqM4M3KmCPM6Q"]},{"@type":"Person","@id":"https:\/\/juventudvallekas.com\/#\/schema\/person\/59189383b690b07d25b530b86fd9cd38","name":"V\u00edctor Pin\u00e9s del Agua","image":{"@type":"ImageObject","inLanguage":"es","@id":"https:\/\/secure.gravatar.com\/avatar\/dfea977884e78432937eecf2776e52b3e30898aabd1ea500097ad56b78875263?s=96&d=mm&r=g","url":"https:\/\/secure.gravatar.com\/avatar\/dfea977884e78432937eecf2776e52b3e30898aabd1ea500097ad56b78875263?s=96&d=mm&r=g","contentUrl":"https:\/\/secure.gravatar.com\/avatar\/dfea977884e78432937eecf2776e52b3e30898aabd1ea500097ad56b78875263?s=96&d=mm&r=g","caption":"V\u00edctor Pin\u00e9s del Agua"},"sameAs":["http:\/\/juventudvallekas.com"]}]}},"_links":{"self":[{"href":"https:\/\/juventudvallekas.com\/index.php\/wp-json\/wp\/v2\/posts\/161","targetHints":{"allow":["GET"]}}],"collection":[{"href":"https:\/\/juventudvallekas.com\/index.php\/wp-json\/wp\/v2\/posts"}],"about":[{"href":"https:\/\/juventudvallekas.com\/index.php\/wp-json\/wp\/v2\/types\/post"}],"author":[{"embeddable":true,"href":"https:\/\/juventudvallekas.com\/index.php\/wp-json\/wp\/v2\/users\/1"}],"replies":[{"embeddable":true,"href":"https:\/\/juventudvallekas.com\/index.php\/wp-json\/wp\/v2\/comments?post=161"}],"version-history":[{"count":31,"href":"https:\/\/juventudvallekas.com\/index.php\/wp-json\/wp\/v2\/posts\/161\/revisions"}],"predecessor-version":[{"id":433,"href":"https:\/\/juventudvallekas.com\/index.php\/wp-json\/wp\/v2\/posts\/161\/revisions\/433"}],"wp:featuredmedia":[{"embeddable":true,"href":"https:\/\/juventudvallekas.com\/index.php\/wp-json\/wp\/v2\/media\/165"}],"wp:attachment":[{"href":"https:\/\/juventudvallekas.com\/index.php\/wp-json\/wp\/v2\/media?parent=161"}],"wp:term":[{"taxonomy":"category","embeddable":true,"href":"https:\/\/juventudvallekas.com\/index.php\/wp-json\/wp\/v2\/categories?post=161"},{"taxonomy":"post_tag","embeddable":true,"href":"https:\/\/juventudvallekas.com\/index.php\/wp-json\/wp\/v2\/tags?post=161"}],"curies":[{"name":"wp","href":"https:\/\/api.w.org\/{rel}","templated":true}]}}